{"id":7097,"date":"2022-06-13T16:35:50","date_gmt":"2022-06-13T16:35:50","guid":{"rendered":"http:\/\/aesche.at\/wp\/?p=7097"},"modified":"2022-06-13T16:35:50","modified_gmt":"2022-06-13T16:35:50","slug":"vereinsfest-save-the-date","status":"publish","type":"post","link":"https:\/\/aesche.at\/wp\/vereinsfest-save-the-date\/","title":{"rendered":"Vereinsfest &#8211; Save the Date"},"content":{"rendered":"\n<p class=\"has-luminous-vivid-amber-color has-text-color\">Vorank\u00fcndigung &#8211; Save the Date<\/p>\n\n\n\n<p class=\"has-luminous-vivid-amber-color has-text-color\">Am 03.09.2022 ab 09:00 m\u00f6chten wir am Gel\u00e4nde des \u00c4sche-B\u00fcros in der Reitschulgasse 7 ein Vereinsfest f\u00fcr Mitglieder, Angeh\u00f6rige und Freunde &#8211; mit angeschlossenem Fischerei-Flohmarkt (jeder kann altes oder nicht mehr ben\u00f6tigtes Ger\u00e4t mitbringen) &#8211; veranstalten.<\/p>\n\n\n\n<p class=\"has-luminous-vivid-amber-color has-text-color\">F\u00fcr das leibliche Wohl wird bestens gesorgt.<\/p>\n\n\n\n<p class=\"has-luminous-vivid-amber-color has-text-color\">Schriftliche Einladungen zur Erinnerung werden im Sommer rechtzeitig verschickt werden.<\/p>\n\n\n\n<p class=\"has-luminous-vivid-amber-color has-text-color\">Euer \u00c4sche-Vorstand<\/p>\n","protected":false},"excerpt":{"rendered":"<p>Vorank\u00fcndigung &#8211; Save the Date Am 03.09.2022 ab 09:00 m\u00f6chten wir am Gel\u00e4nde des \u00c4sche-B\u00fcros in der Reitschulgasse 7 ein Vereinsfest f\u00fcr Mitglieder, Angeh\u00f6rige und Freunde &#8211; mit angeschlossenem Fischerei-Flohmarkt (jeder kann altes oder nicht mehr ben\u00f6tigtes Ger\u00e4t mitbringen) &#8211; veranstalten. F\u00fcr das leibliche Wohl wird bestens gesorgt. Schriftliche Einladungen zur Erinnerung werden im Sommer [&hellip;]<\/p>\n","protected":false},"author":3,"featured_media":0,"comment_status":"closed","ping_status":"closed","sticky":false,"template":"","format":"standard","meta":{"ngg_post_thumbnail":0,"footnotes":""},"categories":[1],"tags":[],"class_list":["post-7097","post","type-post","status-publish","format-standard","hentry","category-allgemein"],"_links":{"self":[{"href":"https:\/\/aesche.at\/wp\/wp-json\/wp\/v2\/posts\/7097","targetHints":{"allow":["GET"]}}],"collection":[{"href":"https:\/\/aesche.at\/wp\/wp-json\/wp\/v2\/posts"}],"about":[{"href":"https:\/\/aesche.at\/wp\/wp-json\/wp\/v2\/types\/post"}],"author":[{"embeddable":true,"href":"https:\/\/aesche.at\/wp\/wp-json\/wp\/v2\/users\/3"}],"replies":[{"embeddable":true,"href":"https:\/\/aesche.at\/wp\/wp-json\/wp\/v2\/comments?post=7097"}],"version-history":[{"count":1,"href":"https:\/\/aesche.at\/wp\/wp-json\/wp\/v2\/posts\/7097\/revisions"}],"predecessor-version":[{"id":7098,"href":"https:\/\/aesche.at\/wp\/wp-json\/wp\/v2\/posts\/7097\/revisions\/7098"}],"wp:attachment":[{"href":"https:\/\/aesche.at\/wp\/wp-json\/wp\/v2\/media?parent=7097"}],"wp:term":[{"taxonomy":"category","embeddable":true,"href":"https:\/\/aesche.at\/wp\/wp-json\/wp\/v2\/categories?post=7097"},{"taxonomy":"post_tag","embeddable":true,"href":"https:\/\/aesche.at\/wp\/wp-json\/wp\/v2\/tags?post=7097"}],"curies":[{"name":"wp","href":"https:\/\/api.w.org\/{rel}","templated":true}]}}