{"id":7031,"date":"2022-05-01T18:44:52","date_gmt":"2022-05-01T18:44:52","guid":{"rendered":"http:\/\/aesche.at\/wp\/?p=7031"},"modified":"2022-05-01T18:55:25","modified_gmt":"2022-05-01T18:55:25","slug":"dokufilm-im-orf-reinankenfischen-im-ossiachersee","status":"publish","type":"post","link":"https:\/\/aesche.at\/wp\/dokufilm-im-orf-reinankenfischen-im-ossiachersee\/","title":{"rendered":"Dokufilm im ORF \u201eReinankenfischen im Ossiachersee\u201c"},"content":{"rendered":"\n<p class=\"has-luminous-vivid-amber-color has-text-color\">Auf Initiative der K\u00e4rntner Fischereivereinigung unter Obmann Mag. Eduard Blatnik wurde am 30.04.2022 gemeinsam mit unserem Verein am Gel\u00e4nde unseres Seehauses Rappitsch sowie mit 3 Vereinsbooten zu je 2 Mannschaften am Wasser vom ORF K\u00e4rnten ein Dokumentarfilm zum Thema \u201eReinankenfischen am Ossiachersee\u201c gedreht.<\/p>\n\n\n\n<p class=\"has-luminous-vivid-amber-color has-text-color\">Bei perfekten Wetterbedingungen konnten sowohl mit der Kameradrohne als auch den station\u00e4ren Kameras fantastische Bilder des Sees und unserer Liegenschaft zu diesem Thema eingefangen werden.<\/p>\n\n\n\n<p class=\"has-luminous-vivid-amber-color has-text-color\">Es ist uns tats\u00e4chlich gelungen, eine wundersch\u00f6ne 54 cm lange Reinanke zu erbeuten, dieser Fang wurde mit der gerade \u00fcber den Booten befindlichen Drohne gefilmt und zeigt die gesamte Anspannung der Fischer w\u00e4hrend des Drills bis zur Landung.<\/p>\n\n\n\n<p class=\"has-luminous-vivid-amber-color has-text-color\">F\u00e4nger: Mannschaft Emil Opriessnig sowie Richard Kovacic.<\/p>\n\n\n\n<p class=\"has-luminous-vivid-amber-color has-text-color\">Desweiteren wurde das R\u00e4uchern von Reinanken beim Seehaus bis zum Verzehr dokumentiert.<\/p>\n\n\n\n<p class=\"has-luminous-vivid-amber-color has-text-color\">Der Film selbst wird im ORF und 3 Sat 2023 ausgestrahlt.<\/p>\n\n\n\n<p class=\"has-luminous-vivid-amber-color has-text-color\">Hier auch nochmals ein kr\u00e4ftiges Dankesch\u00f6n an unser Seehausteam Franziska und Erwin f\u00fcr die kulinarische Betreuung des ORF Teams w\u00e4hren des gesamten Drehtages.<\/p>\n\n\n\n<figure class=\"wp-block-image size-large\"><a href=\"https:\/\/aesche.at\/wp-content\/uploads\/WhatsApp-Image-2022-05-01-at-18.51.12.jpeg\"><img loading=\"lazy\" decoding=\"async\" width=\"1024\" height=\"768\" src=\"https:\/\/aesche.at\/wp-content\/uploads\/WhatsApp-Image-2022-05-01-at-18.51.12-1024x768.jpeg\" alt=\"\" class=\"wp-image-7032\" srcset=\"https:\/\/aesche.at\/wp-content\/uploads\/WhatsApp-Image-2022-05-01-at-18.51.12-1024x768.jpeg 1024w, https:\/\/aesche.at\/wp-content\/uploads\/WhatsApp-Image-2022-05-01-at-18.51.12-300x225.jpeg 300w, https:\/\/aesche.at\/wp-content\/uploads\/WhatsApp-Image-2022-05-01-at-18.51.12-768x576.jpeg 768w, https:\/\/aesche.at\/wp-content\/uploads\/WhatsApp-Image-2022-05-01-at-18.51.12-1536x1152.jpeg 1536w, https:\/\/aesche.at\/wp-content\/uploads\/WhatsApp-Image-2022-05-01-at-18.51.12.jpeg 1600w\" sizes=\"auto, (max-width: 1024px) 100vw, 1024px\" \/><\/a><\/figure>\n\n\n\n<figure class=\"wp-block-image size-large\"><a href=\"https:\/\/aesche.at\/wp-content\/uploads\/WhatsApp-Image-2022-05-01-at-18.51.29.jpeg\"><img loading=\"lazy\" decoding=\"async\" width=\"1024\" height=\"768\" src=\"https:\/\/aesche.at\/wp-content\/uploads\/WhatsApp-Image-2022-05-01-at-18.51.29-1024x768.jpeg\" alt=\"\" class=\"wp-image-7033\" srcset=\"https:\/\/aesche.at\/wp-content\/uploads\/WhatsApp-Image-2022-05-01-at-18.51.29-1024x768.jpeg 1024w, https:\/\/aesche.at\/wp-content\/uploads\/WhatsApp-Image-2022-05-01-at-18.51.29-300x225.jpeg 300w, https:\/\/aesche.at\/wp-content\/uploads\/WhatsApp-Image-2022-05-01-at-18.51.29-768x576.jpeg 768w, https:\/\/aesche.at\/wp-content\/uploads\/WhatsApp-Image-2022-05-01-at-18.51.29-1536x1152.jpeg 1536w, https:\/\/aesche.at\/wp-content\/uploads\/WhatsApp-Image-2022-05-01-at-18.51.29.jpeg 1600w\" sizes=\"auto, (max-width: 1024px) 100vw, 1024px\" \/><\/a><\/figure>\n\n\n\n<figure class=\"wp-block-image size-large\"><a href=\"https:\/\/aesche.at\/wp-content\/uploads\/WhatsApp-Image-2022-05-01-at-18.52.16.jpeg\"><img loading=\"lazy\" decoding=\"async\" width=\"1024\" height=\"768\" src=\"https:\/\/aesche.at\/wp-content\/uploads\/WhatsApp-Image-2022-05-01-at-18.52.16-1024x768.jpeg\" alt=\"\" class=\"wp-image-7034\" srcset=\"https:\/\/aesche.at\/wp-content\/uploads\/WhatsApp-Image-2022-05-01-at-18.52.16-1024x768.jpeg 1024w, https:\/\/aesche.at\/wp-content\/uploads\/WhatsApp-Image-2022-05-01-at-18.52.16-300x225.jpeg 300w, https:\/\/aesche.at\/wp-content\/uploads\/WhatsApp-Image-2022-05-01-at-18.52.16-768x576.jpeg 768w, https:\/\/aesche.at\/wp-content\/uploads\/WhatsApp-Image-2022-05-01-at-18.52.16-1536x1152.jpeg 1536w, https:\/\/aesche.at\/wp-content\/uploads\/WhatsApp-Image-2022-05-01-at-18.52.16.jpeg 1600w\" sizes=\"auto, (max-width: 1024px) 100vw, 1024px\" \/><\/a><\/figure>\n","protected":false},"excerpt":{"rendered":"<p>Auf Initiative der K\u00e4rntner Fischereivereinigung unter Obmann Mag. Eduard Blatnik wurde am 30.04.2022 gemeinsam mit unserem Verein am Gel\u00e4nde unseres Seehauses Rappitsch sowie mit 3 Vereinsbooten zu je 2 Mannschaften am Wasser vom ORF K\u00e4rnten ein Dokumentarfilm zum Thema \u201eReinankenfischen am Ossiachersee\u201c gedreht. Bei perfekten Wetterbedingungen konnten sowohl mit der Kameradrohne als auch den station\u00e4ren [&hellip;]<\/p>\n","protected":false},"author":3,"featured_media":0,"comment_status":"closed","ping_status":"closed","sticky":false,"template":"","format":"standard","meta":{"ngg_post_thumbnail":0,"footnotes":""},"categories":[1],"tags":[],"class_list":["post-7031","post","type-post","status-publish","format-standard","hentry","category-allgemein"],"_links":{"self":[{"href":"https:\/\/aesche.at\/wp\/wp-json\/wp\/v2\/posts\/7031","targetHints":{"allow":["GET"]}}],"collection":[{"href":"https:\/\/aesche.at\/wp\/wp-json\/wp\/v2\/posts"}],"about":[{"href":"https:\/\/aesche.at\/wp\/wp-json\/wp\/v2\/types\/post"}],"author":[{"embeddable":true,"href":"https:\/\/aesche.at\/wp\/wp-json\/wp\/v2\/users\/3"}],"replies":[{"embeddable":true,"href":"https:\/\/aesche.at\/wp\/wp-json\/wp\/v2\/comments?post=7031"}],"version-history":[{"count":3,"href":"https:\/\/aesche.at\/wp\/wp-json\/wp\/v2\/posts\/7031\/revisions"}],"predecessor-version":[{"id":7040,"href":"https:\/\/aesche.at\/wp\/wp-json\/wp\/v2\/posts\/7031\/revisions\/7040"}],"wp:attachment":[{"href":"https:\/\/aesche.at\/wp\/wp-json\/wp\/v2\/media?parent=7031"}],"wp:term":[{"taxonomy":"category","embeddable":true,"href":"https:\/\/aesche.at\/wp\/wp-json\/wp\/v2\/categories?post=7031"},{"taxonomy":"post_tag","embeddable":true,"href":"https:\/\/aesche.at\/wp\/wp-json\/wp\/v2\/tags?post=7031"}],"curies":[{"name":"wp","href":"https:\/\/api.w.org\/{rel}","templated":true}]}}